{"id":947,"date":"2025-07-22T20:25:00","date_gmt":"2025-07-22T18:25:00","guid":{"rendered":"https:\/\/www.lada-center.education\/?p=947"},"modified":"2025-08-30T15:22:26","modified_gmt":"2025-08-30T13:22:26","slug":"pogovor-na-radio-sol-international","status":"publish","type":"post","link":"https:\/\/www.lada-center.education\/en\/blog\/pogovor-na-radio-sol-international\/","title":{"rendered":"Pogovor na Radio Sol International"},"content":{"rendered":"<p>\ud83c\udfeb Lada Center je zasebna demokrati\u010dna \u0161ola samousmerjenega izobra\u017eevanja v Sloveniji, ki temelji na spo\u0161tovanju Konvencije o otrokovih pravicah in za\u0161\u010diti otrokovih pravic. Aktivno se ukvarjamo z vpra\u0161anji, ki jih ve\u010dina \u0161ol \u0161e vedno prezre:<\/p><p>\u2013 Kak\u0161ne pravice ima otrok v izobra\u017eevanju?<\/p><p>\u2013 Kako postaviti otroka v sredi\u0161\u010de odlo\u010danja?<\/p><p>\u2013 Kako ustvariti prostor, kjer se pogum in individualnost ne zatirata, ampak spodbujata?<br><br><span style=\"text-align: justify; text-wrap-mode: initial; letter-spacing: -0.1px;\">V navdihujo\u010dem pogovoru na <\/span><a href=\"https:\/\/www.facebook.com\/radioSOL\" style=\"text-align: justify; text-wrap-mode: initial; letter-spacing: -0.1px;\">Radio SOL International<\/a><span style=\"text-align: justify; text-wrap-mode: initial; letter-spacing: -0.1px;\"> z ekipo Reifegrad Reflektion iz Avstrije \u2013 Alexandro Zaunschirm in Gottfriedom Hermannom \u2013 ter v imenu predstavnice Alenke Nemani\u010d (Svet zavoda) se je odprlo pomembna vpra\u0161anja, ki segajo onkraj u\u010dilnic in ocen:<\/span><\/p><p>\ud83d\udd39 Kaj pomeni zrelostna refleksija v izobra\u017eevanju?<\/p><p>\ud83d\udd39 Kako lahko mlade podpremo na poti notranje rasti, ne le znanja?<\/p><p>\ud83d\udd39 Zakaj je bilo to mednarodno sodelovanje klju\u010dno pri gradnji \u0161ole?<\/p><p>Zrelost ni nekaj, kar se meri v to\u010dkah ali spri\u010devalih \u2013 je proces, pot samospoznavanja, razumevanja sebe, drugega in sveta. Prav zato nas sodelovanje z avstrijskim dru\u0161tvom navdihuje: ker poudarja \u010dlovekovo otrokovo celovitost.<br><span style=\"letter-spacing: -0.1px; text-wrap-mode: initial;\"><br>\ud83c\udf93 V juniju 2025 smo v Ormo\u017eu do\u017eiveli prav posebno prelomnico:<\/span><\/p><p>\u2013 prvo zaklju\u010dno \u0161olsko ceremonijo demokrati\u010dne \u0161ole Lada Center.<\/p><p style=\"text-align: justify;\">Dogodek je bil pre\u017eet s simboliko, \u010dustvi in \u2013 kar je najpomembneje \u2013 glasom otrok, ki postajajo zavestni nosilci svoje poti.<\/p><p style=\"text-align: justify;\">Alenka Nemani\u010d, predstavnica zavoda Lada Center, je v posnetku poudarila pomen imena Lada \u2013 boginje, za\u0161\u010ditnice otrok in dru\u017ein \u2013 ter vizijo \u0161ole, ki temelji na pravicah otrok, svobodi izbire in varstvu dru\u017eine kot temelja vzgoje.<\/p><p style=\"text-align: justify;\"><br>\ud83e\udd1d Skupaj z mednarodnimi partnerji gradimo izobra\u017eevanje, ki se ne boji vpra\u0161anj. Ki spodbuja pogum. In ki otrokom ne narekuje poti, temve\u010d jih u\u010di, kako hoditi svojo. Izbrana pesem Adija Smolarja \u201cNe se bat\u201d ni le melodija \u2013 je opomnik. Opomnik, da se ne sme\u0161 vdati, ko naleti\u0161 na oviro. Da je bolje \u017eiveti pogumno kot vdan v ti\u0161ino. Da je vsak korak v smeri svobode otroka korak v svetlej\u0161i jutri: \u201c\u010ce si v skrbeh, povsem na tleh, ti se nasmej, pol pa pejt kr naprej.\u201d<\/p><p>To je pesem za vse star\u0161e, ki \u010dutite, da va\u0161 otrok potrebuje nekaj ve\u010d \u2013 ve\u010d prostora, ve\u010d razumevanja, ve\u010d resni\u010dne svobode.<br><br><\/p>","protected":false},"excerpt":{"rendered":"<p>V navdihujo\u010dem pogovoru na Radio SOL International z ekipo Reifegrad Reflektion iz Avstrije \u2013 Alexandro Zaunschirm in Gottfriedom Hermannom \u2013 ter v imenu predstavnice Alenke Nemani\u010d (Svet zavoda) se je odprlo pomembna vpra\u0161anja, ki segajo onkraj u\u010dilnic in ocen&#8230;<\/p>","protected":false},"author":3,"featured_media":0,"comment_status":"closed","ping_status":"closed","sticky":false,"template":"","format":"standard","meta":{"pagelayer_contact_templates":[],"_pagelayer_content":"","_monsterinsights_skip_tracking":false,"_monsterinsights_sitenote_active":false,"_monsterinsights_sitenote_note":"","_monsterinsights_sitenote_category":0,"footnotes":""},"categories":[15],"tags":[],"class_list":["post-947","post","type-post","status-publish","format-standard","hentry","category-novice"],"aioseo_notices":[],"_links":{"self":[{"href":"https:\/\/www.lada-center.education\/en\/wp-json\/wp\/v2\/posts\/947","targetHints":{"allow":["GET"]}}],"collection":[{"href":"https:\/\/www.lada-center.education\/en\/wp-json\/wp\/v2\/posts"}],"about":[{"href":"https:\/\/www.lada-center.education\/en\/wp-json\/wp\/v2\/types\/post"}],"author":[{"embeddable":true,"href":"https:\/\/www.lada-center.education\/en\/wp-json\/wp\/v2\/users\/3"}],"replies":[{"embeddable":true,"href":"https:\/\/www.lada-center.education\/en\/wp-json\/wp\/v2\/comments?post=947"}],"version-history":[{"count":0,"href":"https:\/\/www.lada-center.education\/en\/wp-json\/wp\/v2\/posts\/947\/revisions"}],"wp:attachment":[{"href":"https:\/\/www.lada-center.education\/en\/wp-json\/wp\/v2\/media?parent=947"}],"wp:term":[{"taxonomy":"category","embeddable":true,"href":"https:\/\/www.lada-center.education\/en\/wp-json\/wp\/v2\/categories?post=947"},{"taxonomy":"post_tag","embeddable":true,"href":"https:\/\/www.lada-center.education\/en\/wp-json\/wp\/v2\/tags?post=947"}],"curies":[{"name":"wp","href":"https:\/\/api.w.org\/{rel}","templated":true}]}}