{"id":962,"date":"2025-10-08T17:03:00","date_gmt":"2025-10-08T15:03:00","guid":{"rendered":"https:\/\/www.lada-center.education\/?p=962"},"modified":"2025-10-15T00:47:07","modified_gmt":"2025-10-14T22:47:07","slug":"poziv-na-srecanje-ind-okt-2025","status":"publish","type":"post","link":"https:\/\/www.lada-center.education\/en\/blog\/poziv-na-srecanje-ind-okt-2025\/","title":{"rendered":"Poziv na sre\u010danje IND"},"content":{"rendered":"<p><span style=\"text-wrap-mode: initial; letter-spacing: -0.1px;\">V nedeljo,<strong> 12. 10. 2025<\/strong>, se zopet organizira tradicionalno sre\u010danje IND. Pri\u010detek bo pribli\u017eno ob 9:30<br><\/span><\/p><p>Sre\u010danje IND je namenjeno vsem otrokom, star\u0161em, somentorjem in iskrenim podpornikom tovrstnega izobra\u017eevanja.<\/p>\n\n<p>V Sloveniji sta trenutno bolj poznana dva koncepta:<\/p><p><span style=\"text-wrap-mode: initial; letter-spacing: -0.1px;\">1 &#8211; osnovno izobra\u017eevanje na domu, kadar ima otrok uveljavljeno pravico do zasebno veljavnega programa.<\/span><\/p><p>2 &#8211; osnovno izobra\u017eevanje na domu, kadar je otrok uporabnik javne storitve, star\u0161 pa s podpisom pogodbe uveljavi prenos licence izobra\u017eevalnega programa po ZOFVI na sebe. Ta koncept je manj poznan, saj se ga do zdaj \u0161e ni uspelo primerno umestiti v slovenski prostor \u2013 ve\u010dina star\u0161ev namre\u010d program po ZOFVI izvaja brezpla\u010dno in brez ustreznih javnih pooblastil.<\/p><p><br>Ker se \u0161tevilo pravnega interesa pove\u010duje, bi radi koncept razlo\u017eili tudi v \u017eivo. Na dogodku bo prisotna tudi ustanoviteljica na\u0161e \u0161ole brez koncesije Lada Center, ki bo v 15\u201320 minutah predstavila glavne koncepte pobude in poudarila, zakaj so okoli\u0161\u010dine otrok pomembne, da se jih tudi skozi pravni interes izrazi.<br><br><\/p><p>\u2728 Vabljeni, da se nam pridru\u017eite in skupaj razi\u0161\u010demo mo\u017enosti za podporo otrokom in star\u0161em!<\/p>\n\n\n\n\n\n\n<p>Ve\u010d informacij o samousmerjenem izobra\u017eevanju zasebne \u0161ole Lada Center brez javne koncesije s klikom na gumb:&nbsp;<\/p>\n\n\n<p>Dogodek se bo odvijal na lokaciji:<strong><br><\/strong><\/p><p><strong><br>Ma\u017eijev Gri\u010d ob Gradi\u0161kem jezeru<\/strong><\/p><p><strong>Koordinate: 46.162312, 14.706156<\/strong><\/p>\n<p>Na dogodek se je potrebno prijaviti.<\/p>\n\n\n\n\n\n\n<h2>Program sre\u010danja&nbsp;<\/h2>\n<p>(kopiran iz Facebooka, v kolikor kdo nima dostopa)<\/p>\n<p>*** PRIJAVE ***<\/p><p>Prosimo, prijavite se na dogodek tule:<\/p><p><a href=\"https:\/\/forms.gle\/2tKkjB81o2Y8XjGn6\">https:\/\/forms.gle\/2tKkjB81o2Y8XjGn6<\/a><\/p><p><br><\/p><p>*** PROGRAM ***<\/p><p>\u017dENSKI KROG: PODPORNI KROG ZA IND MAME<\/p><p>Katarina \u017derovnik Mazi in Nikita Lunka<\/p><p>(udele\u017eba je mogo\u010da samo ob predhodni prijavi)<\/p><p>Prijavnica: <a href=\"https:\/\/forms.gle\/KsMGHuysawSrdeHY9\">https:\/\/forms.gle\/KsMGHuysawSrdeHY9<\/a><br><span style=\"text-wrap-mode: initial; letter-spacing: -0.1px;\"><br>VSE O IND V SLOVENIJI &#8211; NEUMNIH VPRA\u0160ANJ NI!<\/span><\/p><p>Mateja De Laat in Katja Tom\u0161i\u010d<br><br><\/p><p>PODPORNI PROGRAMI ZA IND STAR\u0160E<\/p><p>Mateja De Laat<br><br><\/p><p>U\u010cINKOVITA UPORABA U\u010cNIH GRADIV<\/p><p>Ur\u0161ka Se\u0161ek<br><br><\/p><p>PUTTING JOY BACK INTO LEARNING<\/p><p>Maila Halenka<br><br><\/p><p>GLASBENO POPOLDNE<\/p><p>pevski krog in povezovanje z glasbo<\/p><p>Jan Aleksander Tom\u0161i\u010d<\/p><p><br><\/p><p>*** ODPRTI MIKROFON ***<\/p><p>Kdorkoli lahko v minuti ali dveh skupnosti predstavi svojo pobudo, dejavnost, sebe, ali karkoli se mu zdi pomembno.<\/p><p><br><\/p><p>*** DELAVNICE IN DEJAVNOSTI ZA OTROKE ***<\/p><p>Poleg obilo mo\u017enosti za prosto igro, bo otrokom na voljo tudi: plesni krog, ustvarjanje z glino, risalnica, glasbena delavnica in skupinsko slikanje na velikem formatu.<\/p><p><br><\/p><p>***IZMENJEVALNICA***<\/p><p>Izmenjevali bomo \u010dista obla\u010dila in obutev, knjige, igra\u010dke, otro\u0161ko opremo in pripomo\u010dke za dom. Preglejte svoje omare in prinesite, kar vam ne slu\u017ei ve\u010d.<\/p><p><br><\/p><p>*** HRANA ***<\/p><p>Pridru\u017eite se skupni kuhinji in prinesete s seboj svojo pripravljeno hrano, ki jo bomo podelili za skupno mizo. Na sre\u010danju bo na voljo tudi veganska enolon\u010dnica po dostopni ceni.<\/p><p><br><\/p><p>Program ni dokon\u010den in se bo \u0161e dopolnjeval. Vabljeni k soustvarjanju programa!<\/p><p>Na dogodek se prijavite tukaj:<\/p><p><a href=\"https:\/\/forms.gle\/2tKkjB81o2Y8XjGn6\">https:\/\/forms.gle\/2tKkjB81o2Y8XjGn6<\/a><\/p><p>Navodila za udele\u017eence in podrobnej\u0161i program:<a href=\"https:\/\/docs.google.com\/document\/d\/1C_-exUaaEIiPyyPzeOXk1vVPvoIR3BQAtRac-odjXMo\/edit?tab=t.0\"><br>https:\/\/docs.google.com\/document\/d\/1C_-exUaaEIiPyyPzeOXk1vVPvoIR3BQAtRac-odjXMo\/edit?tab=t.0<\/a><\/p>","protected":false},"excerpt":{"rendered":"<p>V nedeljo 12. 10. 2025, ste prav lepo vabljeni na sre\u010danje IND. Sre\u010danje IND je namenjeno vsem otrokom, star\u0161em, somentorjem in iskrenim podpornikom tovrstnega izobra\u017eevanja.<\/p>","protected":false},"author":5,"featured_media":0,"comment_status":"closed","ping_status":"closed","sticky":false,"template":"","format":"standard","meta":{"pagelayer_contact_templates":[],"_pagelayer_content":"","_monsterinsights_skip_tracking":false,"_monsterinsights_sitenote_active":false,"_monsterinsights_sitenote_note":"","_monsterinsights_sitenote_category":0,"footnotes":""},"categories":[30],"tags":[32],"class_list":["post-962","post","type-post","status-publish","format-standard","hentry","category-dogodki","tag-completed"],"aioseo_notices":[],"_links":{"self":[{"href":"https:\/\/www.lada-center.education\/en\/wp-json\/wp\/v2\/posts\/962","targetHints":{"allow":["GET"]}}],"collection":[{"href":"https:\/\/www.lada-center.education\/en\/wp-json\/wp\/v2\/posts"}],"about":[{"href":"https:\/\/www.lada-center.education\/en\/wp-json\/wp\/v2\/types\/post"}],"author":[{"embeddable":true,"href":"https:\/\/www.lada-center.education\/en\/wp-json\/wp\/v2\/users\/5"}],"replies":[{"embeddable":true,"href":"https:\/\/www.lada-center.education\/en\/wp-json\/wp\/v2\/comments?post=962"}],"version-history":[{"count":0,"href":"https:\/\/www.lada-center.education\/en\/wp-json\/wp\/v2\/posts\/962\/revisions"}],"wp:attachment":[{"href":"https:\/\/www.lada-center.education\/en\/wp-json\/wp\/v2\/media?parent=962"}],"wp:term":[{"taxonomy":"category","embeddable":true,"href":"https:\/\/www.lada-center.education\/en\/wp-json\/wp\/v2\/categories?post=962"},{"taxonomy":"post_tag","embeddable":true,"href":"https:\/\/www.lada-center.education\/en\/wp-json\/wp\/v2\/tags?post=962"}],"curies":[{"name":"wp","href":"https:\/\/api.w.org\/{rel}","templated":true}]}}